{"id":7734,"date":"2025-06-13T13:23:28","date_gmt":"2025-06-13T11:23:28","guid":{"rendered":"https:\/\/www.grand-site-concadoru.fr\/sorties-scolaires-maritimes-sur-le-grand-site-2\/"},"modified":"2025-12-09T12:08:35","modified_gmt":"2025-12-09T11:08:35","slug":"school-trips-to-the-seaside-at-the-large-site-2","status":"publish","type":"post","link":"https:\/\/www.grand-site-concadoru.fr\/en\/sorties-scolaires-maritimes-sur-le-grand-site-2\/","title":{"rendered":"School trips to the seaside at the Grand Site"},"content":{"rendered":"<p>On 2 and 3 June, the Grand Site welcomed Year 6 and Year 7 classes from schools in Patrimonio and Saint-Florent to the Saleccia as part of the school trips organised under the educational programme implemented with the French Ministry of Education.<\/p>\n\n\n\n<p>On the agenda for the day:<\/p>\n\n\n\n<ul class=\"wp-block-list\"><li>Discover the evolution of the port of Saint-Florent from antiquity to the present day<\/li><li>Observing the landscapes of the Grand Site's coastline from the sea<\/li><li>Historical observations and explanations regarding coastal defensive and military structures<\/li><li>Awareness of coastal geology<\/li><\/ul>\n\n\n\n<p>This adventure gave our young explorers the opportunity to travel through time while contemplating the wonderful coastal landscapes of their region from the Gulf of Saint-Florent.<\/p>\n\n\n\n<p><\/p>\n\n\n\n<figure class=\"wp-block-image size-large is-resized\"><img fetchpriority=\"high\" decoding=\"async\" src=\"https:\/\/www.grand-site-concadoru.fr\/wp-content\/uploads\/2025\/10\/img_8253-768x1024-1.jpg\" alt=\"\" class=\"wp-image-2697\" width=\"389\" height=\"519\"\/><\/figure>\n\n\n\n<figure class=\"wp-block-image size-large is-resized\"><img decoding=\"async\" src=\"https:\/\/www.grand-site-concadoru.fr\/wp-content\/uploads\/2025\/10\/img_8271-768x1024-1.jpg\" alt=\"\" class=\"wp-image-2698\" width=\"392\" height=\"523\"\/><\/figure>","protected":false},"excerpt":{"rendered":"<p>Les 2 et 3 juin derniers, le Grand Site a accueilli sur le \u00ab\u00a0Saleccia\u00a0\u00bb les classes de CP et CM2 des \u00e9coles de Patrimonio et de Saint-Florent dans le cadre des sorties scolaires du programme p\u00e9dagogique mis en \u0153uvre avec l\u2019Education Nationale. Au programme de la journ\u00e9e&nbsp;: D\u00e9couverte de l\u2019\u00e9volution du port de Saint-Florent de [&hellip;]<\/p>\n","protected":false},"author":1,"featured_media":3954,"comment_status":"closed","ping_status":"closed","sticky":false,"template":"","format":"standard","meta":{"_seopress_robots_primary_cat":"","_seopress_titles_title":"","_seopress_titles_desc":"","_seopress_robots_index":"","footnotes":""},"categories":[],"tags":[],"class_list":["post-7734","post","type-post","status-publish","format-standard","has-post-thumbnail","hentry"],"_links":{"self":[{"href":"https:\/\/www.grand-site-concadoru.fr\/en\/wp-json\/wp\/v2\/posts\/7734","targetHints":{"allow":["GET"]}}],"collection":[{"href":"https:\/\/www.grand-site-concadoru.fr\/en\/wp-json\/wp\/v2\/posts"}],"about":[{"href":"https:\/\/www.grand-site-concadoru.fr\/en\/wp-json\/wp\/v2\/types\/post"}],"author":[{"embeddable":true,"href":"https:\/\/www.grand-site-concadoru.fr\/en\/wp-json\/wp\/v2\/users\/1"}],"replies":[{"embeddable":true,"href":"https:\/\/www.grand-site-concadoru.fr\/en\/wp-json\/wp\/v2\/comments?post=7734"}],"version-history":[{"count":1,"href":"https:\/\/www.grand-site-concadoru.fr\/en\/wp-json\/wp\/v2\/posts\/7734\/revisions"}],"predecessor-version":[{"id":7736,"href":"https:\/\/www.grand-site-concadoru.fr\/en\/wp-json\/wp\/v2\/posts\/7734\/revisions\/7736"}],"wp:featuredmedia":[{"embeddable":true,"href":"https:\/\/www.grand-site-concadoru.fr\/en\/wp-json\/wp\/v2\/media\/3954"}],"wp:attachment":[{"href":"https:\/\/www.grand-site-concadoru.fr\/en\/wp-json\/wp\/v2\/media?parent=7734"}],"wp:term":[{"taxonomy":"category","embeddable":true,"href":"https:\/\/www.grand-site-concadoru.fr\/en\/wp-json\/wp\/v2\/categories?post=7734"},{"taxonomy":"post_tag","embeddable":true,"href":"https:\/\/www.grand-site-concadoru.fr\/en\/wp-json\/wp\/v2\/tags?post=7734"}],"curies":[{"name":"wp","href":"https:\/\/api.w.org\/{rel}","templated":true}]}}